{"id":887479,"date":"2023-04-11T16:03:09","date_gmt":"2023-04-11T14:03:09","guid":{"rendered":"https:\/\/ediliziacrobatica.com\/?post_type=press-releases&#038;p=887479"},"modified":"2024-03-01T14:18:51","modified_gmt":"2024-03-01T14:18:51","slug":"comunicato-stampa-ediliziacrobatica-e-rcs-mediagroup-di-nuovo-assieme-per-la-design-week","status":"publish","type":"press-releases","link":"https:\/\/acrobaticagroup.com\/en\/press-releases\/comunicato-stampa-ediliziacrobatica-e-rcs-mediagroup-di-nuovo-assieme-per-la-design-week\/","title":{"rendered":"EDILIZIACROBATICA E RCS MEDIAGROUP DI NUOVO ASSIEME PER LA DESIGN WEEK"},"content":{"rendered":"<p class=\"\">EdiliziAcrobatica e RCS MediaGroup, con \u201cSolferino 28\u201d, ancora una volta insieme per dare valore alla bellezza e promuovere la cultura.<\/p><p class=\"\">L\u2019occasione \u00e8 la Milano Design Week, in programma contestualmente al Salone del Mobile, dal 17 al 23 aprile, quando Solferino 28, l\u2019inedito evento di Corriere della Sera, Living e Abitare, accoglier\u00e0 professionisti e appassionati di design del Brera Design District, a partire da un intervento multimediale firmato dallo studio di progettazione Migliore+Servetto sulla facciata dello storico edificio realizzato da Luca Beltrami. In via Solferino con la partnership di EdiliziAcrobatica, prender\u00e0 vita un\u2019installazione scenografica e dinamica che rappresenter\u00e0 le tre testate RCS per celebrare la storia del giornale e la sua evoluzione digitale.<\/p><p class=\"\">Quella tra i gruppi editoriali Cairo Editore e RCS MediaGroup guidati da Urbano Cairo e la societ\u00e0 fondata da Riccardo Iovino \u00e8 una partnership che si rinnova ormai da alcuni anni e che si fonda sulla condivisione di principi e valori che fanno delle due realt\u00e0 imprenditoriali due modelli di eccellenza del nostro Paese.<\/p><p class=\"\">Dalla valorizzazione delle persone, preziose risorse che ogni giorno rendono possibile la pubblicazione del quotidiano pi\u00f9 letto e autorevole d\u2019Italia e muratori acrobatici che quotidianamente si prendono cura di palazzi e monumenti del nostro Paese, fino alla ferma volont\u00e0 di diffondere la cultura attraverso la conoscenza e la tutela della bellezza: \u00e8 questo che unisce in maniera profonda due societ\u00e0 cos\u00ec distanti per ambiti operativi. Societ\u00e0 che hanno scelto di collaborare anche in occasione dell\u2019evento pi\u00f9 atteso della primavera milanese, la Design Week, allo scopo di rendere pi\u00f9 bella Milano, non solo agli occhi dei milanesi, ma anche a quelli delle migliaia di turisti e operatori del settore che la affollano nelle giornate del Salone del Mobile.<\/p><p class=\"\">\u201cSiamo davvero felici di rafforzare la nostra partnership con il Gruppo Cairo &#8211; hanno commentato Riccardo Iovino e Anna Marras, soci di maggioranza di EdiliziAcrobatica &#8211; che gi\u00e0 da alcuni anni ci vede impegnati come back sponsor di maglia del Torino FC e che oggi ci permette di collaborare a un progetto di grande bellezza e impatto visivo come il videomapping che animer\u00e0 via Solferino. In questi anni abbiamo avuto modo di conoscere i valori guida del Gruppo e del suo fondatore sentendoli affini a quelli che con Acrobatica abbiamo scelto di portare avanti\u201d.<\/p><p class=\"\">Ufficio Stampa<\/p><p class=\"\">EdiliziAcrobatica<\/p><p class=\"\">Deborah Dirani<\/p><p class=\"\">ufficiostampa@ediliziacrobatica.com<\/p><p class=\"\">Mob: +39 3938911364<\/p>","protected":false},"featured_media":0,"template":"","press_category":[85],"class_list":{"0":"post-887479","1":"press-releases","2":"type-press-releases","3":"status-publish","5":"press_category-comunicati-stampa-interni"},"acf":[],"_links":{"self":[{"href":"https:\/\/acrobaticagroup.com\/en\/wp-json\/wp\/v2\/press-releases\/887479","targetHints":{"allow":["GET"]}}],"collection":[{"href":"https:\/\/acrobaticagroup.com\/en\/wp-json\/wp\/v2\/press-releases"}],"about":[{"href":"https:\/\/acrobaticagroup.com\/en\/wp-json\/wp\/v2\/types\/press-releases"}],"wp:attachment":[{"href":"https:\/\/acrobaticagroup.com\/en\/wp-json\/wp\/v2\/media?parent=887479"}],"wp:term":[{"taxonomy":"press_category","embeddable":true,"href":"https:\/\/acrobaticagroup.com\/en\/wp-json\/wp\/v2\/press_category?post=887479"}],"curies":[{"name":"wp","href":"https:\/\/api.w.org\/{rel}","templated":true}]}}